[{"command":"settings","settings":{"pluralDelimiter":"\u0003","suppressDeprecationErrors":true,"ajaxPageState":{"libraries":"views\/views.module,views_infinite_scroll\/views-infinite-scroll","theme":"palco_digital","theme_token":null},"ajaxTrustedUrl":[],"views":{"ajax_path":"\/en\/views\/ajax","ajaxViews":{"views_dom_id:ecbf7f5c8738a030b06fb0f507cd46f9799f5463e24244c72a2925e40882519b":{"view_name":"videoteca","view_display_id":"block_8","view_args":"16524","view_path":"\/palcots\/actualizarvistateatro\/conciertos\/16524","view_base_path":"videoteca","view_dom_id":"ecbf7f5c8738a030b06fb0f507cd46f9799f5463e24244c72a2925e40882519b","pager_element":0}}},"user":{"uid":0,"permissionsHash":"4fbb894ed7650f6b07a33556fd07acbd1d4d6c6f925d8f4a85453d7c73ab1972"}},"merge":true},{"command":"add_css","data":"\u003Clink rel=\u0022stylesheet\u0022 media=\u0022all\u0022 href=\u0022\/core\/modules\/views\/css\/views.module.css?tee1dp\u0022 \/\u003E\n"},{"command":"insert","method":"append","selector":"body","data":"\u003Cscript src=\u0022\/core\/assets\/vendor\/jquery\/jquery.min.js?v=3.5.1\u0022\u003E\u003C\/script\u003E\n\u003Cscript src=\u0022\/core\/assets\/vendor\/jquery-once\/jquery.once.min.js?v=2.2.3\u0022\u003E\u003C\/script\u003E\n\u003Cscript src=\u0022\/core\/misc\/drupalSettingsLoader.js?v=8.9.19\u0022\u003E\u003C\/script\u003E\n\u003Cscript src=\u0022\/core\/misc\/drupal.js?v=8.9.19\u0022\u003E\u003C\/script\u003E\n\u003Cscript src=\u0022\/core\/misc\/drupal.init.js?v=8.9.19\u0022\u003E\u003C\/script\u003E\n\u003Cscript src=\u0022\/core\/assets\/vendor\/jquery-form\/jquery.form.min.js?v=4.22\u0022\u003E\u003C\/script\u003E\n\u003Cscript src=\u0022\/core\/misc\/progress.js?v=8.9.19\u0022\u003E\u003C\/script\u003E\n\u003Cscript src=\u0022\/themes\/contrib\/bootstrap\/js\/misc\/progress.js?tee1dp\u0022\u003E\u003C\/script\u003E\n\u003Cscript src=\u0022\/core\/misc\/ajax.js?v=8.9.19\u0022\u003E\u003C\/script\u003E\n\u003Cscript src=\u0022\/themes\/contrib\/bootstrap\/js\/misc\/ajax.js?tee1dp\u0022\u003E\u003C\/script\u003E\n\u003Cscript src=\u0022\/core\/modules\/views\/js\/base.js?v=8.9.19\u0022\u003E\u003C\/script\u003E\n\u003Cscript src=\u0022\/core\/modules\/views\/js\/ajax_view.js?v=8.9.19\u0022\u003E\u003C\/script\u003E\n\u003Cscript src=\u0022\/themes\/contrib\/bootstrap\/js\/modules\/views\/ajax_view.js?tee1dp\u0022\u003E\u003C\/script\u003E\n\u003Cscript src=\u0022\/core\/misc\/debounce.js?v=8.9.19\u0022\u003E\u003C\/script\u003E\n\u003Cscript src=\u0022\/modules\/contrib\/views_infinite_scroll\/js\/infinite-scroll.js?v=8.9.19\u0022\u003E\u003C\/script\u003E\n","settings":null},{"command":"insert","method":"replaceWith","selector":"#block-views-block-videoteca-block-7","data":"\u003Cdiv id=\u0027block-views-block-videoteca-block-7\u0027\u003E\u003Cdiv class=\u0022views-element-container form-group\u0022\u003E\u003Cdiv class=\u0022view view-videoteca view-id-videoteca view-display-id-block_8 js-view-dom-id-ecbf7f5c8738a030b06fb0f507cd46f9799f5463e24244c72a2925e40882519b\u0022\u003E\n  \n    \n      \n      \u003Cdiv data-drupal-views-infinite-scroll-content-wrapper class=\u0022views-infinite-scroll-content-wrapper clearfix form-group\u0022\u003E    \u003Cdiv class=\u0022col-xs-12 col-sm-6 col-lg-3 views-row\u0022\u003E\n    \u003Cdiv data-history-node-id=\u0022146102\u0022 class=\u0022row bs-1col node node--type-videoteca node--view-mode-bloque-front\u0022\u003E\n  \n  \u003Cdiv class=\u0022col-sm-12 bs-region bs-region--main\u0022\u003E\n                \n                              \u003Cdiv class=\u0022field field--name-field-videoteca-img field--type-image field--label-hidden field--item\u0022\u003E\n                                  \u003Ca href=\u0022\/en\/videoteca\/concerts\/paraphrase-bellini-norma\u0022 hreflang=\u0022en\u0022\u003E\u003Cimg src=\u0022\/sites\/default\/files\/2021-04\/PARAFRASIS%20NORMA%201280x720.jpg\u0022 alt=\u0022Parafrasis\u0022 typeof=\u0022foaf:Image\u0022 class=\u0022img-responsive\u0022 \/\u003E\n\u003C\/a\u003E\n\n                            \u003C\/div\u003E\n                      \n            \u003Cdiv class=\u0022field field--name-field-videoteca-categoria field--type-entity-reference field--label-hidden field--item\u0022\u003EConcerts\u003C\/div\u003E\n      \n            \u003Cdiv class=\u0022field field--name-node-title field--type-ds field--label-hidden field--item\u0022\u003E\u003Ch2\u003E\n  \u003Ca href=\u0022\/en\/videoteca\/concerts\/paraphrase-bellini-norma\u0022 hreflang=\u0022en\u0022\u003EParaphrase of Bellini\u0026#039;s Norma\u003C\/a\u003E\n\u003C\/h2\u003E\n\u003C\/div\u003E\n      \n            \u003Cdiv class=\u0022field field--name-field-videoteca-teatro field--type-entity-reference field--label-hidden field--item\u0022\u003EEscuela Reina Sof\u00eda\u003C\/div\u003E\n      \n            \u003Cdiv class=\u0022field field--name-field-videoteca-autor field--type-string field--label-hidden field--item\u0022\u003EVarious authors\u003C\/div\u003E\n      \n            \u003Cdiv class=\u0022field field--name-field-videoteca-interpretes field--type-string field--label-hidden field--item\u0022\u003EVarious\u003C\/div\u003E\n      \n            \u003Cdiv class=\u0022field field--name-node-favourite field--type-ds field--label-hidden field--item\u0022\u003E  \u003Ca href=\u0022\/en\/comprar?id=146102\u0022 id=\u0022subs146102\u0022\u003ESubscribe\u003C\/a\u003E\n\u003C\/div\u003E\n      \n            \u003Cdiv class=\u0022field field--name-node-link field--type-ds field--label-hidden field--item\u0022\u003E  \u003Ca href=\u0022\/en\/videoteca\/concerts\/paraphrase-bellini-norma\u0022 hreflang=\u0022en\u0022\u003EMore info\u003C\/a\u003E\n\u003C\/div\u003E\n      \n  \u003C\/div\u003E\n\u003C\/div\u003E\n\n\n  \u003C\/div\u003E\n    \u003Cdiv class=\u0022col-xs-12 col-sm-6 col-lg-3 views-row\u0022\u003E\n    \u003Cdiv data-history-node-id=\u0022146104\u0022 class=\u0022row bs-1col node node--type-videoteca node--view-mode-bloque-front\u0022\u003E\n  \n  \u003Cdiv class=\u0022col-sm-12 bs-region bs-region--main\u0022\u003E\n                \n                              \u003Cdiv class=\u0022field field--name-field-videoteca-img field--type-image field--label-hidden field--item\u0022\u003E\n                                  \u003Ca href=\u0022\/en\/videoteca\/concerts\/music-sea\u0022 hreflang=\u0022en\u0022\u003E\u003Cimg src=\u0022\/sites\/default\/files\/2021-04\/REENCUENTRO%201280x720_0.jpg\u0022 alt=\u0022Reencuentro musical con vistas al mar\u0022 typeof=\u0022foaf:Image\u0022 class=\u0022img-responsive\u0022 \/\u003E\n\u003C\/a\u003E\n\n                            \u003C\/div\u003E\n                      \n            \u003Cdiv class=\u0022field field--name-field-videoteca-categoria field--type-entity-reference field--label-hidden field--item\u0022\u003EConcerts\u003C\/div\u003E\n      \n            \u003Cdiv class=\u0022field field--name-node-title field--type-ds field--label-hidden field--item\u0022\u003E\u003Ch2\u003E\n  \u003Ca href=\u0022\/en\/videoteca\/concerts\/music-sea\u0022 hreflang=\u0022en\u0022\u003EMusic by the Sea\u003C\/a\u003E\n\u003C\/h2\u003E\n\u003C\/div\u003E\n      \n            \u003Cdiv class=\u0022field field--name-field-videoteca-teatro field--type-entity-reference field--label-hidden field--item\u0022\u003EEscuela Reina Sof\u00eda\u003C\/div\u003E\n      \n            \u003Cdiv class=\u0022field field--name-field-videoteca-autor field--type-string field--label-hidden field--item\u0022\u003EJohannes Brahms, Antonin Dvor\u00e1k\u003C\/div\u003E\n      \n            \u003Cdiv class=\u0022field field--name-field-videoteca-interpretes field--type-string field--label-hidden field--item\u0022\u003EHayk Sukiasyan, Pallavi Mahidhara\u003C\/div\u003E\n      \n            \u003Cdiv class=\u0022field field--name-node-favourite field--type-ds field--label-hidden field--item\u0022\u003E  \u003Ca href=\u0022\/en\/comprar?id=146104\u0022 id=\u0022subs146104\u0022\u003ESubscribe\u003C\/a\u003E\n\u003C\/div\u003E\n      \n            \u003Cdiv class=\u0022field field--name-node-link field--type-ds field--label-hidden field--item\u0022\u003E  \u003Ca href=\u0022\/en\/videoteca\/concerts\/music-sea\u0022 hreflang=\u0022en\u0022\u003EMore info\u003C\/a\u003E\n\u003C\/div\u003E\n      \n  \u003C\/div\u003E\n\u003C\/div\u003E\n\n\n  \u003C\/div\u003E\n    \u003Cdiv class=\u0022col-xs-12 col-sm-6 col-lg-3 views-row\u0022\u003E\n    \u003Cdiv data-history-node-id=\u0022146103\u0022 class=\u0022row bs-1col node node--type-videoteca node--view-mode-bloque-front\u0022\u003E\n  \n  \u003Cdiv class=\u0022col-sm-12 bs-region bs-region--main\u0022\u003E\n                \n                              \u003Cdiv class=\u0022field field--name-field-videoteca-img field--type-image field--label-hidden field--item\u0022\u003E\n                                  \u003Ca href=\u0022\/en\/videoteca\/conciertos\/dumky-musica-camara-dvorak\u0022 hreflang=\u0022en\u0022\u003E\u003Cimg src=\u0022\/sites\/default\/files\/2021-04\/LOS%20DUMKY%201280x720.jpg\u0022 alt=\u0022Los Dumky en la m\u00fasica de c\u00e1mara de Anton\u00edn Dvor\u00e1k\u0022 typeof=\u0022foaf:Image\u0022 class=\u0022img-responsive\u0022 \/\u003E\n\u003C\/a\u003E\n\n                            \u003C\/div\u003E\n                      \n            \u003Cdiv class=\u0022field field--name-field-videoteca-categoria field--type-entity-reference field--label-hidden field--item\u0022\u003EConcerts\u003C\/div\u003E\n      \n            \u003Cdiv class=\u0022field field--name-node-title field--type-ds field--label-hidden field--item\u0022\u003E\u003Ch2\u003E\n  \u003Ca href=\u0022\/en\/videoteca\/conciertos\/dumky-musica-camara-dvorak\u0022 hreflang=\u0022en\u0022\u003EThe Dumky in Dvor\u00e1k\u0026#039;s Chamber Music\u003C\/a\u003E\n\u003C\/h2\u003E\n\u003C\/div\u003E\n      \n            \u003Cdiv class=\u0022field field--name-field-videoteca-teatro field--type-entity-reference field--label-hidden field--item\u0022\u003EEscuela Reina Sof\u00eda\u003C\/div\u003E\n      \n            \u003Cdiv class=\u0022field field--name-field-videoteca-autor field--type-string field--label-hidden field--item\u0022\u003EAntonin Dvor\u00e1k\u003C\/div\u003E\n      \n            \u003Cdiv class=\u0022field field--name-field-videoteca-interpretes field--type-string field--label-hidden field--item\u0022\u003EAsisa\u0026#039;s \u00d3scar Espl\u00e1 Quintet, Deloitte\u0026#039;s Mozart Trio\u003C\/div\u003E\n      \n            \u003Cdiv class=\u0022field field--name-node-favourite field--type-ds field--label-hidden field--item\u0022\u003E  \u003Ca href=\u0022\/en\/comprar?id=146103\u0022 id=\u0022subs146103\u0022\u003ESubscribe\u003C\/a\u003E\n\u003C\/div\u003E\n      \n            \u003Cdiv class=\u0022field field--name-node-link field--type-ds field--label-hidden field--item\u0022\u003E  \u003Ca href=\u0022\/en\/videoteca\/conciertos\/dumky-musica-camara-dvorak\u0022 hreflang=\u0022en\u0022\u003EMore info\u003C\/a\u003E\n\u003C\/div\u003E\n      \n  \u003C\/div\u003E\n\u003C\/div\u003E\n\n\n  \u003C\/div\u003E\n    \u003Cdiv class=\u0022col-xs-12 col-sm-6 col-lg-3 views-row\u0022\u003E\n    \u003Cdiv data-history-node-id=\u0022146100\u0022 class=\u0022row bs-1col node node--type-videoteca node--view-mode-bloque-front\u0022\u003E\n  \n  \u003Cdiv class=\u0022col-sm-12 bs-region bs-region--main\u0022\u003E\n                \n                              \u003Cdiv class=\u0022field field--name-field-videoteca-img field--type-image field--label-hidden field--item\u0022\u003E\n                                  \u003Ca href=\u0022\/en\/videoteca\/conciertos\/masterclass-asier-polo-brahms\u0022 hreflang=\u0022en\u0022\u003E\u003Cimg src=\u0022\/sites\/default\/files\/2021-04\/ASIER%20POLO2%201280x720.jpg\u0022 alt=\u0022Asier Polo\u0022 typeof=\u0022foaf:Image\u0022 class=\u0022img-responsive\u0022 \/\u003E\n\u003C\/a\u003E\n\n                            \u003C\/div\u003E\n                      \n            \u003Cdiv class=\u0022field field--name-field-videoteca-categoria field--type-entity-reference field--label-hidden field--item\u0022\u003EConcerts\u003C\/div\u003E\n      \n            \u003Cdiv class=\u0022field field--name-node-title field--type-ds field--label-hidden field--item\u0022\u003E\u003Ch2\u003E\n  \u003Ca href=\u0022\/en\/videoteca\/conciertos\/masterclass-asier-polo-brahms\u0022 hreflang=\u0022en\u0022\u003EMasterclass by Asier Polo | Brahms\u0026#039; Double Concerto\u003C\/a\u003E\n\u003C\/h2\u003E\n\u003C\/div\u003E\n      \n            \u003Cdiv class=\u0022field field--name-field-videoteca-teatro field--type-entity-reference field--label-hidden field--item\u0022\u003EEscuela Reina Sof\u00eda\u003C\/div\u003E\n      \n            \u003Cdiv class=\u0022field field--name-field-videoteca-autor field--type-string field--label-hidden field--item\u0022\u003EJohannes Brahms\u003C\/div\u003E\n      \n            \u003Cdiv class=\u0022field field--name-field-videoteca-interpretes field--type-string field--label-hidden field--item\u0022\u003EAsier Polo\u003C\/div\u003E\n      \n            \u003Cdiv class=\u0022field field--name-node-favourite field--type-ds field--label-hidden field--item\u0022\u003E  \u003Ca href=\u0022\/en\/comprar?id=146100\u0022 id=\u0022subs146100\u0022\u003ESubscribe\u003C\/a\u003E\n\u003C\/div\u003E\n      \n            \u003Cdiv class=\u0022field field--name-node-link field--type-ds field--label-hidden field--item\u0022\u003E  \u003Ca href=\u0022\/en\/videoteca\/conciertos\/masterclass-asier-polo-brahms\u0022 hreflang=\u0022en\u0022\u003EMore info\u003C\/a\u003E\n\u003C\/div\u003E\n      \n  \u003C\/div\u003E\n\u003C\/div\u003E\n\n\n  \u003C\/div\u003E\n    \u003Cdiv class=\u0022col-xs-12 col-sm-6 col-lg-3 views-row\u0022\u003E\n    \u003Cdiv data-history-node-id=\u0022146101\u0022 class=\u0022row bs-1col node node--type-videoteca node--view-mode-bloque-front\u0022\u003E\n  \n  \u003Cdiv class=\u0022col-sm-12 bs-region bs-region--main\u0022\u003E\n                \n                              \u003Cdiv class=\u0022field field--name-field-videoteca-img field--type-image field--label-hidden field--item\u0022\u003E\n                                  \u003Ca href=\u0022\/en\/videoteca\/conciertos\/masterclass-oliver-wille-beethoven\u0022 hreflang=\u0022en\u0022\u003E\u003Cimg src=\u0022\/sites\/default\/files\/2021-04\/Oliver%20Wille%201280x720_0.jpg\u0022 alt=\u0022 Oliver Wille\u0022 typeof=\u0022foaf:Image\u0022 class=\u0022img-responsive\u0022 \/\u003E\n\u003C\/a\u003E\n\n                            \u003C\/div\u003E\n                      \n            \u003Cdiv class=\u0022field field--name-field-videoteca-categoria field--type-entity-reference field--label-hidden field--item\u0022\u003EConcerts\u003C\/div\u003E\n      \n            \u003Cdiv class=\u0022field field--name-node-title field--type-ds field--label-hidden field--item\u0022\u003E\u003Ch2\u003E\n  \u003Ca href=\u0022\/en\/videoteca\/conciertos\/masterclass-oliver-wille-beethoven\u0022 hreflang=\u0022en\u0022\u003EMasterclass by Oliver Wille | Beethoven\u003C\/a\u003E\n\u003C\/h2\u003E\n\u003C\/div\u003E\n      \n            \u003Cdiv class=\u0022field field--name-field-videoteca-teatro field--type-entity-reference field--label-hidden field--item\u0022\u003EEscuela Reina Sof\u00eda\u003C\/div\u003E\n      \n            \u003Cdiv class=\u0022field field--name-field-videoteca-autor field--type-string field--label-hidden field--item\u0022\u003ELudwig van Beethoven\u003C\/div\u003E\n      \n            \u003Cdiv class=\u0022field field--name-field-videoteca-interpretes field--type-string field--label-hidden field--item\u0022\u003EOliver Wille\u003C\/div\u003E\n      \n            \u003Cdiv class=\u0022field field--name-node-favourite field--type-ds field--label-hidden field--item\u0022\u003E  \u003Ca href=\u0022\/en\/comprar?id=146101\u0022 id=\u0022subs146101\u0022\u003ESubscribe\u003C\/a\u003E\n\u003C\/div\u003E\n      \n            \u003Cdiv class=\u0022field field--name-node-link field--type-ds field--label-hidden field--item\u0022\u003E  \u003Ca href=\u0022\/en\/videoteca\/conciertos\/masterclass-oliver-wille-beethoven\u0022 hreflang=\u0022en\u0022\u003EMore info\u003C\/a\u003E\n\u003C\/div\u003E\n      \n  \u003C\/div\u003E\n\u003C\/div\u003E\n\n\n  \u003C\/div\u003E\n    \u003Cdiv class=\u0022col-xs-12 col-sm-6 col-lg-3 views-row\u0022\u003E\n    \u003Cdiv data-history-node-id=\u002255551\u0022 class=\u0022row bs-1col node node--type-videoteca node--view-mode-bloque-front\u0022\u003E\n  \n  \u003Cdiv class=\u0022col-sm-12 bs-region bs-region--main\u0022\u003E\n                \n                              \u003Cdiv class=\u0022field field--name-field-videoteca-img field--type-image field--label-hidden field--item\u0022\u003E\n                                  \u003Ca href=\u0022\/en\/videoteca\/concerts\/masterclass-javier-camarena-bel-canto\u0022 hreflang=\u0022en\u0022\u003E\u003Cimg src=\u0022\/sites\/default\/files\/2021-04\/CAMARENA%201280x720.jpg\u0022 alt=\u0022Camarena\u0022 typeof=\u0022foaf:Image\u0022 class=\u0022img-responsive\u0022 \/\u003E\n\u003C\/a\u003E\n\n                            \u003C\/div\u003E\n                      \n            \u003Cdiv class=\u0022field field--name-field-videoteca-categoria field--type-entity-reference field--label-hidden field--item\u0022\u003EConcerts\u003C\/div\u003E\n      \n            \u003Cdiv class=\u0022field field--name-node-title field--type-ds field--label-hidden field--item\u0022\u003E\u003Ch2\u003E\n  \u003Ca href=\u0022\/en\/videoteca\/concerts\/masterclass-javier-camarena-bel-canto\u0022 hreflang=\u0022en\u0022\u003EMasterclass by Javier Camarena: Bel Canto\u003C\/a\u003E\n\u003C\/h2\u003E\n\u003C\/div\u003E\n      \n            \u003Cdiv class=\u0022field field--name-field-videoteca-teatro field--type-entity-reference field--label-hidden field--item\u0022\u003EEscuela Reina Sof\u00eda\u003C\/div\u003E\n      \n            \u003Cdiv class=\u0022field field--name-field-videoteca-autor field--type-string field--label-hidden field--item\u0022\u003EGioachino Rossini\u003C\/div\u003E\n      \n            \u003Cdiv class=\u0022field field--name-field-videoteca-interpretes field--type-string field--label-hidden field--item\u0022\u003EJavier Camarena\u003C\/div\u003E\n      \n            \u003Cdiv class=\u0022field field--name-node-favourite field--type-ds field--label-hidden field--item\u0022\u003E  \u003Ca href=\u0022\/en\/comprar?id=55551\u0022 id=\u0022subs55551\u0022\u003ESubscribe\u003C\/a\u003E\n\u003C\/div\u003E\n      \n            \u003Cdiv class=\u0022field field--name-node-link field--type-ds field--label-hidden field--item\u0022\u003E  \u003Ca href=\u0022\/en\/videoteca\/concerts\/masterclass-javier-camarena-bel-canto\u0022 hreflang=\u0022en\u0022\u003EMore info\u003C\/a\u003E\n\u003C\/div\u003E\n      \n  \u003C\/div\u003E\n\u003C\/div\u003E\n\n\n  \u003C\/div\u003E\n    \u003Cdiv class=\u0022col-xs-12 col-sm-6 col-lg-3 views-row\u0022\u003E\n    \u003Cdiv data-history-node-id=\u002255933\u0022 class=\u0022row bs-1col node node--type-videoteca node--view-mode-bloque-front\u0022\u003E\n  \n  \u003Cdiv class=\u0022col-sm-12 bs-region bs-region--main\u0022\u003E\n                \n                              \u003Cdiv class=\u0022field field--name-field-videoteca-img field--type-image field--label-hidden field--item\u0022\u003E\n                                  \u003Ca href=\u0022\/en\/videoteca\/concerts\/musica-barroca-para-el-ano-jubilar-lebaniego\u0022 hreflang=\u0022en\u0022\u003E\u003Cimg src=\u0022\/sites\/default\/files\/2021-04\/Lebaniego%201280x720.jpg\u0022 alt=\u0022 Camerata Viesgo\u0022 typeof=\u0022foaf:Image\u0022 class=\u0022img-responsive\u0022 \/\u003E\n\u003C\/a\u003E\n\n                            \u003C\/div\u003E\n                      \n            \u003Cdiv class=\u0022field field--name-field-videoteca-categoria field--type-entity-reference field--label-hidden field--item\u0022\u003EConcerts\u003C\/div\u003E\n      \n            \u003Cdiv class=\u0022field field--name-node-title field--type-ds field--label-hidden field--item\u0022\u003E\u003Ch2\u003E\n  \u003Ca href=\u0022\/en\/videoteca\/concerts\/musica-barroca-para-el-ano-jubilar-lebaniego\u0022 hreflang=\u0022en\u0022\u003EBaroque Music for the Lebaniego Jubilee Year\u003C\/a\u003E\n\u003C\/h2\u003E\n\u003C\/div\u003E\n      \n            \u003Cdiv class=\u0022field field--name-field-videoteca-teatro field--type-entity-reference field--label-hidden field--item\u0022\u003EEscuela Reina Sof\u00eda\u003C\/div\u003E\n      \n            \u003Cdiv class=\u0022field field--name-field-videoteca-autor field--type-string field--label-hidden field--item\u0022\u003EVarios autores \u003C\/div\u003E\n      \n            \u003Cdiv class=\u0022field field--name-field-videoteca-interpretes field--type-string field--label-hidden field--item\u0022\u003EP\u00e9ter Csaba, Camerata Viesgo\u003C\/div\u003E\n      \n            \u003Cdiv class=\u0022field field--name-node-favourite field--type-ds field--label-hidden field--item\u0022\u003E  \u003Ca href=\u0022\/en\/comprar?id=55933\u0022 id=\u0022subs55933\u0022\u003ESubscribe\u003C\/a\u003E\n\u003C\/div\u003E\n      \n            \u003Cdiv class=\u0022field field--name-node-link field--type-ds field--label-hidden field--item\u0022\u003E  \u003Ca href=\u0022\/en\/videoteca\/concerts\/musica-barroca-para-el-ano-jubilar-lebaniego\u0022 hreflang=\u0022en\u0022\u003EMore info\u003C\/a\u003E\n\u003C\/div\u003E\n      \n  \u003C\/div\u003E\n\u003C\/div\u003E\n\n\n  \u003C\/div\u003E\n    \u003Cdiv class=\u0022col-xs-12 col-sm-6 col-lg-3 views-row\u0022\u003E\n    \u003Cdiv data-history-node-id=\u002255924\u0022 class=\u0022row bs-1col node node--type-videoteca node--view-mode-bloque-front\u0022\u003E\n  \n  \u003Cdiv class=\u0022col-sm-12 bs-region bs-region--main\u0022\u003E\n                \n                              \u003Cdiv class=\u0022field field--name-field-videoteca-img field--type-image field--label-hidden field--item\u0022\u003E\n                                  \u003Ca href=\u0022\/en\/videoteca\/concerts\/masterclass-luis-fernando-perez-albeniz\u0022 hreflang=\u0022en\u0022\u003E\u003Cimg src=\u0022\/sites\/default\/files\/2021-04\/LUIS%20FERNANDO%201280x720.jpg\u0022 alt=\u0022Luis Fernando P\u00e9rez\u0022 typeof=\u0022foaf:Image\u0022 class=\u0022img-responsive\u0022 \/\u003E\n\u003C\/a\u003E\n\n                            \u003C\/div\u003E\n                      \n            \u003Cdiv class=\u0022field field--name-field-videoteca-categoria field--type-entity-reference field--label-hidden field--item\u0022\u003EConcerts\u003C\/div\u003E\n      \n            \u003Cdiv class=\u0022field field--name-node-title field--type-ds field--label-hidden field--item\u0022\u003E\u003Ch2\u003E\n  \u003Ca href=\u0022\/en\/videoteca\/concerts\/masterclass-luis-fernando-perez-albeniz\u0022 hreflang=\u0022en\u0022\u003EMasterclass by Luis Fernando P\u00e9rez: Alb\u00e9niz\u003C\/a\u003E\n\u003C\/h2\u003E\n\u003C\/div\u003E\n      \n            \u003Cdiv class=\u0022field field--name-field-videoteca-teatro field--type-entity-reference field--label-hidden field--item\u0022\u003EEscuela Reina Sof\u00eda\u003C\/div\u003E\n      \n            \u003Cdiv class=\u0022field field--name-field-videoteca-autor field--type-string field--label-hidden field--item\u0022\u003EIsaac Alb\u00e9niz\u003C\/div\u003E\n      \n            \u003Cdiv class=\u0022field field--name-field-videoteca-interpretes field--type-string field--label-hidden field--item\u0022\u003ELuis Fernando P\u00e9rez, Izem G\u00fcrer\u003C\/div\u003E\n      \n            \u003Cdiv class=\u0022field field--name-node-favourite field--type-ds field--label-hidden field--item\u0022\u003E  \u003Ca href=\u0022\/en\/comprar?id=55924\u0022 id=\u0022subs55924\u0022\u003ESubscribe\u003C\/a\u003E\n\u003C\/div\u003E\n      \n            \u003Cdiv class=\u0022field field--name-node-link field--type-ds field--label-hidden field--item\u0022\u003E  \u003Ca href=\u0022\/en\/videoteca\/concerts\/masterclass-luis-fernando-perez-albeniz\u0022 hreflang=\u0022en\u0022\u003EMore info\u003C\/a\u003E\n\u003C\/div\u003E\n      \n  \u003C\/div\u003E\n\u003C\/div\u003E\n\n\n  \u003C\/div\u003E\n    \u003Cdiv class=\u0022col-xs-12 col-sm-6 col-lg-3 views-row\u0022\u003E\n    \u003Cdiv data-history-node-id=\u002255570\u0022 class=\u0022row bs-1col node node--type-videoteca node--view-mode-bloque-front\u0022\u003E\n  \n  \u003Cdiv class=\u0022col-sm-12 bs-region bs-region--main\u0022\u003E\n                \n                              \u003Cdiv class=\u0022field field--name-field-videoteca-img field--type-image field--label-hidden field--item\u0022\u003E\n                                  \u003Ca href=\u0022\/en\/videoteca\/concerts\/masterclass-leigh-melrose-rossini\u0022 hreflang=\u0022en\u0022\u003E\u003Cimg src=\u0022\/sites\/default\/files\/2021-04\/MELSROSE%201280x720.jpg\u0022 alt=\u0022Auditorio Reina Sof\u00eda\u0022 typeof=\u0022foaf:Image\u0022 class=\u0022img-responsive\u0022 \/\u003E\n\u003C\/a\u003E\n\n                            \u003C\/div\u003E\n                      \n            \u003Cdiv class=\u0022field field--name-field-videoteca-categoria field--type-entity-reference field--label-hidden field--item\u0022\u003EConcerts\u003C\/div\u003E\n      \n            \u003Cdiv class=\u0022field field--name-node-title field--type-ds field--label-hidden field--item\u0022\u003E\u003Ch2\u003E\n  \u003Ca href=\u0022\/en\/videoteca\/concerts\/masterclass-leigh-melrose-rossini\u0022 hreflang=\u0022en\u0022\u003EMasterclass by Leigh Melrose: Rossini\u003C\/a\u003E\n\u003C\/h2\u003E\n\u003C\/div\u003E\n      \n            \u003Cdiv class=\u0022field field--name-field-videoteca-teatro field--type-entity-reference field--label-hidden field--item\u0022\u003EEscuela Reina Sof\u00eda\u003C\/div\u003E\n      \n            \u003Cdiv class=\u0022field field--name-field-videoteca-autor field--type-string field--label-hidden field--item\u0022\u003EGioachino Rossini\u003C\/div\u003E\n      \n            \u003Cdiv class=\u0022field field--name-field-videoteca-interpretes field--type-string field--label-hidden field--item\u0022\u003ELeigh Melrose, Raquel Del Pino Herranz\u003C\/div\u003E\n      \n            \u003Cdiv class=\u0022field field--name-node-favourite field--type-ds field--label-hidden field--item\u0022\u003E  \u003Ca href=\u0022\/en\/comprar?id=55570\u0022 id=\u0022subs55570\u0022\u003ESubscribe\u003C\/a\u003E\n\u003C\/div\u003E\n      \n            \u003Cdiv class=\u0022field field--name-node-link field--type-ds field--label-hidden field--item\u0022\u003E  \u003Ca href=\u0022\/en\/videoteca\/concerts\/masterclass-leigh-melrose-rossini\u0022 hreflang=\u0022en\u0022\u003EMore info\u003C\/a\u003E\n\u003C\/div\u003E\n      \n  \u003C\/div\u003E\n\u003C\/div\u003E\n\n\n  \u003C\/div\u003E\n    \u003Cdiv class=\u0022col-xs-12 col-sm-6 col-lg-3 views-row\u0022\u003E\n    \u003Cdiv data-history-node-id=\u002255526\u0022 class=\u0022row bs-1col node node--type-videoteca node--view-mode-bloque-front\u0022\u003E\n  \n  \u003Cdiv class=\u0022col-sm-12 bs-region bs-region--main\u0022\u003E\n                \n                              \u003Cdiv class=\u0022field field--name-field-videoteca-img field--type-image field--label-hidden field--item\u0022\u003E\n                                  \u003Ca href=\u0022\/en\/videoteca\/concerts\/cuarteto-de-cuartetos-haydn-schubert-schumann-y-dvorak\u0022 hreflang=\u0022en\u0022\u003E\u003Cimg src=\u0022\/sites\/default\/files\/2021-04\/CUARTETO%20DE%20CUARTETOS%201280.jpg\u0022 alt=\u0022Auditorio Reina Sof\u00eda\u0022 typeof=\u0022foaf:Image\u0022 class=\u0022img-responsive\u0022 \/\u003E\n\u003C\/a\u003E\n\n                            \u003C\/div\u003E\n                      \n            \u003Cdiv class=\u0022field field--name-field-videoteca-categoria field--type-entity-reference field--label-hidden field--item\u0022\u003EConcerts\u003C\/div\u003E\n      \n            \u003Cdiv class=\u0022field field--name-node-title field--type-ds field--label-hidden field--item\u0022\u003E\u003Ch2\u003E\n  \u003Ca href=\u0022\/en\/videoteca\/concerts\/cuarteto-de-cuartetos-haydn-schubert-schumann-y-dvorak\u0022 hreflang=\u0022en\u0022\u003ECuarteto de cuartetos: Haydn, Schubert, Schumann y Dvo\u0159\u00e1k\u003C\/a\u003E\n\u003C\/h2\u003E\n\u003C\/div\u003E\n      \n            \u003Cdiv class=\u0022field field--name-field-videoteca-teatro field--type-entity-reference field--label-hidden field--item\u0022\u003EEscuela Reina Sof\u00eda\u003C\/div\u003E\n      \n            \u003Cdiv class=\u0022field field--name-field-videoteca-autor field--type-string field--label-hidden field--item\u0022\u003EVarious authors\u003C\/div\u003E\n      \n            \u003Cdiv class=\u0022field field--name-field-videoteca-interpretes field--type-string field--label-hidden field--item\u0022\u003EBarbican String Quartet, Baum Quartett, Gyldfeldt Quartett, Quatuor Tchalik\u003C\/div\u003E\n      \n            \u003Cdiv class=\u0022field field--name-node-favourite field--type-ds field--label-hidden field--item\u0022\u003E  \u003Ca href=\u0022\/en\/comprar?id=55526\u0022 id=\u0022subs55526\u0022\u003ESubscribe\u003C\/a\u003E\n\u003C\/div\u003E\n      \n            \u003Cdiv class=\u0022field field--name-node-link field--type-ds field--label-hidden field--item\u0022\u003E  \u003Ca href=\u0022\/en\/videoteca\/concerts\/cuarteto-de-cuartetos-haydn-schubert-schumann-y-dvorak\u0022 hreflang=\u0022en\u0022\u003EMore info\u003C\/a\u003E\n\u003C\/div\u003E\n      \n  \u003C\/div\u003E\n\u003C\/div\u003E\n\n\n  \u003C\/div\u003E\n    \u003Cdiv class=\u0022col-xs-12 col-sm-6 col-lg-3 views-row\u0022\u003E\n    \u003Cdiv data-history-node-id=\u002255497\u0022 class=\u0022row bs-1col node node--type-videoteca node--view-mode-bloque-front\u0022\u003E\n  \n  \u003Cdiv class=\u0022col-sm-12 bs-region bs-region--main\u0022\u003E\n                \n                              \u003Cdiv class=\u0022field field--name-field-videoteca-img field--type-image field--label-hidden field--item\u0022\u003E\n                                  \u003Ca href=\u0022\/en\/videoteca\/concerts\/forgotten-cellists\u0022 hreflang=\u0022en\u0022\u003E\u003Cimg src=\u0022\/sites\/default\/files\/2021-04\/VIOLONCHELISTAS%201280x720.jpg\u0022 alt=\u0022Violonchelistas olvidados\u0022 typeof=\u0022foaf:Image\u0022 class=\u0022img-responsive\u0022 \/\u003E\n\u003C\/a\u003E\n\n                            \u003C\/div\u003E\n                      \n            \u003Cdiv class=\u0022field field--name-field-videoteca-categoria field--type-entity-reference field--label-hidden field--item\u0022\u003EConcerts\u003C\/div\u003E\n      \n            \u003Cdiv class=\u0022field field--name-node-title field--type-ds field--label-hidden field--item\u0022\u003E\u003Ch2\u003E\n  \u003Ca href=\u0022\/en\/videoteca\/concerts\/forgotten-cellists\u0022 hreflang=\u0022en\u0022\u003EForgotten Cellists\u003C\/a\u003E\n\u003C\/h2\u003E\n\u003C\/div\u003E\n      \n            \u003Cdiv class=\u0022field field--name-field-videoteca-teatro field--type-entity-reference field--label-hidden field--item\u0022\u003EEscuela Reina Sof\u00eda\u003C\/div\u003E\n      \n            \u003Cdiv class=\u0022field field--name-field-videoteca-autor field--type-string field--label-hidden field--item\u0022\u003EVarious authors\u003C\/div\u003E\n      \n            \u003Cdiv class=\u0022field field--name-field-videoteca-interpretes field--type-string field--label-hidden field--item\u0022\u003EEscuela Superior Reina Sof\u00eda\u003C\/div\u003E\n      \n            \u003Cdiv class=\u0022field field--name-node-favourite field--type-ds field--label-hidden field--item\u0022\u003E  \u003Ca href=\u0022\/en\/comprar?id=55497\u0022 id=\u0022subs55497\u0022\u003ESubscribe\u003C\/a\u003E\n\u003C\/div\u003E\n      \n            \u003Cdiv class=\u0022field field--name-node-link field--type-ds field--label-hidden field--item\u0022\u003E  \u003Ca href=\u0022\/en\/videoteca\/concerts\/forgotten-cellists\u0022 hreflang=\u0022en\u0022\u003EMore info\u003C\/a\u003E\n\u003C\/div\u003E\n      \n  \u003C\/div\u003E\n\u003C\/div\u003E\n\n\n  \u003C\/div\u003E\n    \u003Cdiv class=\u0022col-xs-12 col-sm-6 col-lg-3 views-row\u0022\u003E\n    \u003Cdiv data-history-node-id=\u002255468\u0022 class=\u0022row bs-1col node node--type-videoteca node--view-mode-bloque-front\u0022\u003E\n  \n  \u003Cdiv class=\u0022col-sm-12 bs-region bs-region--main\u0022\u003E\n                \n                              \u003Cdiv class=\u0022field field--name-field-videoteca-img field--type-image field--label-hidden field--item\u0022\u003E\n                                  \u003Ca href=\u0022\/en\/videoteca\/concerts\/romanticism-piano-and-strings\u0022 hreflang=\u0022en\u0022\u003E\u003Cimg src=\u0022\/sites\/default\/files\/2021-04\/ROMANTICISMO%20PIANO%201280x720.jpg\u0022 alt=\u0022Jovenes talentos\u0022 typeof=\u0022foaf:Image\u0022 class=\u0022img-responsive\u0022 \/\u003E\n\u003C\/a\u003E\n\n                            \u003C\/div\u003E\n                      \n            \u003Cdiv class=\u0022field field--name-field-videoteca-categoria field--type-entity-reference field--label-hidden field--item\u0022\u003EConcerts\u003C\/div\u003E\n      \n            \u003Cdiv class=\u0022field field--name-node-title field--type-ds field--label-hidden field--item\u0022\u003E\u003Ch2\u003E\n  \u003Ca href=\u0022\/en\/videoteca\/concerts\/romanticism-piano-and-strings\u0022 hreflang=\u0022en\u0022\u003ERomanticism for piano and strings\u003C\/a\u003E\n\u003C\/h2\u003E\n\u003C\/div\u003E\n      \n            \u003Cdiv class=\u0022field field--name-field-videoteca-teatro field--type-entity-reference field--label-hidden field--item\u0022\u003EEscuela Reina Sof\u00eda\u003C\/div\u003E\n      \n            \u003Cdiv class=\u0022field field--name-field-videoteca-autor field--type-string field--label-hidden field--item\u0022\u003EJ. Brahms \/ C. Debussy\u003C\/div\u003E\n      \n            \u003Cdiv class=\u0022field field--name-field-videoteca-interpretes field--type-string field--label-hidden field--item\u0022\u003EGrupo Arriaga, Grupo Da Vinci\u003C\/div\u003E\n      \n            \u003Cdiv class=\u0022field field--name-node-favourite field--type-ds field--label-hidden field--item\u0022\u003E  \u003Ca href=\u0022\/en\/comprar?id=55468\u0022 id=\u0022subs55468\u0022\u003ESubscribe\u003C\/a\u003E\n\u003C\/div\u003E\n      \n            \u003Cdiv class=\u0022field field--name-node-link field--type-ds field--label-hidden field--item\u0022\u003E  \u003Ca href=\u0022\/en\/videoteca\/concerts\/romanticism-piano-and-strings\u0022 hreflang=\u0022en\u0022\u003EMore info\u003C\/a\u003E\n\u003C\/div\u003E\n      \n  \u003C\/div\u003E\n\u003C\/div\u003E\n\n\n  \u003C\/div\u003E\n\u003C\/div\u003E\n\n  \n      \n\n          \u003C\/div\u003E\n\u003C\/div\u003E\n\u003C\/div\u003E","settings":null}]