[{"command":"settings","settings":{"pluralDelimiter":"\u0003","suppressDeprecationErrors":true,"ajaxPageState":{"libraries":"views\/views.module,views_infinite_scroll\/views-infinite-scroll","theme":"palco_digital","theme_token":null},"ajaxTrustedUrl":[],"views":{"ajax_path":"\/en\/views\/ajax","ajaxViews":{"views_dom_id:a189671798d141ad675306a778bdb248bf0cd3e664a24d726436dbdc6b3ef387":{"view_name":"videoteca","view_display_id":"block_7","view_args":"127596","view_path":"\/palcots\/actualizarvistateatro\/todos\/127596","view_base_path":"videoteca","view_dom_id":"a189671798d141ad675306a778bdb248bf0cd3e664a24d726436dbdc6b3ef387","pager_element":0}}},"user":{"uid":0,"permissionsHash":"4fbb894ed7650f6b07a33556fd07acbd1d4d6c6f925d8f4a85453d7c73ab1972"}},"merge":true},{"command":"add_css","data":"\u003Clink rel=\u0022stylesheet\u0022 media=\u0022all\u0022 href=\u0022\/core\/modules\/views\/css\/views.module.css?te870i\u0022 \/\u003E\n"},{"command":"insert","method":"append","selector":"body","data":"\u003Cscript src=\u0022\/core\/assets\/vendor\/jquery\/jquery.min.js?v=3.5.1\u0022\u003E\u003C\/script\u003E\n\u003Cscript src=\u0022\/core\/assets\/vendor\/jquery-once\/jquery.once.min.js?v=2.2.3\u0022\u003E\u003C\/script\u003E\n\u003Cscript src=\u0022\/core\/misc\/drupalSettingsLoader.js?v=8.9.19\u0022\u003E\u003C\/script\u003E\n\u003Cscript src=\u0022\/core\/misc\/drupal.js?v=8.9.19\u0022\u003E\u003C\/script\u003E\n\u003Cscript src=\u0022\/core\/misc\/drupal.init.js?v=8.9.19\u0022\u003E\u003C\/script\u003E\n\u003Cscript src=\u0022\/core\/assets\/vendor\/jquery-form\/jquery.form.min.js?v=4.22\u0022\u003E\u003C\/script\u003E\n\u003Cscript src=\u0022\/core\/misc\/progress.js?v=8.9.19\u0022\u003E\u003C\/script\u003E\n\u003Cscript src=\u0022\/themes\/contrib\/bootstrap\/js\/misc\/progress.js?te870i\u0022\u003E\u003C\/script\u003E\n\u003Cscript src=\u0022\/core\/misc\/ajax.js?v=8.9.19\u0022\u003E\u003C\/script\u003E\n\u003Cscript src=\u0022\/themes\/contrib\/bootstrap\/js\/misc\/ajax.js?te870i\u0022\u003E\u003C\/script\u003E\n\u003Cscript src=\u0022\/core\/modules\/views\/js\/base.js?v=8.9.19\u0022\u003E\u003C\/script\u003E\n\u003Cscript src=\u0022\/core\/modules\/views\/js\/ajax_view.js?v=8.9.19\u0022\u003E\u003C\/script\u003E\n\u003Cscript src=\u0022\/themes\/contrib\/bootstrap\/js\/modules\/views\/ajax_view.js?te870i\u0022\u003E\u003C\/script\u003E\n\u003Cscript src=\u0022\/core\/misc\/debounce.js?v=8.9.19\u0022\u003E\u003C\/script\u003E\n\u003Cscript src=\u0022\/modules\/contrib\/views_infinite_scroll\/js\/infinite-scroll.js?v=8.9.19\u0022\u003E\u003C\/script\u003E\n","settings":null},{"command":"insert","method":"replaceWith","selector":"#block-views-block-videoteca-block-7","data":"\u003Cdiv id=\u0027block-views-block-videoteca-block-7\u0027\u003E\u003Cdiv class=\u0022views-element-container form-group\u0022\u003E\u003Cdiv class=\u0022view view-videoteca view-id-videoteca view-display-id-block_7 js-view-dom-id-a189671798d141ad675306a778bdb248bf0cd3e664a24d726436dbdc6b3ef387\u0022\u003E\n  \n    \n      \n      \u003Cdiv data-drupal-views-infinite-scroll-content-wrapper class=\u0022views-infinite-scroll-content-wrapper clearfix form-group\u0022\u003E    \u003Cdiv class=\u0022col-xs-12 col-sm-6 col-lg-3 views-row\u0022\u003E\n    \u003Cdiv data-history-node-id=\u0022429274\u0022 class=\u0022row bs-1col node node--type-videoteca node--view-mode-bloque-front\u0022\u003E\n  \n  \u003Cdiv class=\u0022col-sm-12 bs-region bs-region--main\u0022\u003E\n                \n                              \u003Cdiv class=\u0022field field--name-field-videoteca-img field--type-image field--label-hidden field--item\u0022\u003E\n                                  \u003Ca href=\u0022\/en\/videoteca\/conciertos\/elizabeth-kenny-y-nardus-williams\u0022 hreflang=\u0022en\u0022\u003E\u003Cimg src=\u0022\/sites\/default\/files\/2026-03\/Elizabeth%20Kenny%20y%20Nardus%20Williams.jpg\u0022 alt=\u0022Elizabeth Kenny y Nardus Williams\u0022 typeof=\u0022foaf:Image\u0022 class=\u0022img-responsive\u0022 \/\u003E\n\u003C\/a\u003E\n\n                            \u003C\/div\u003E\n                      \n            \u003Cdiv class=\u0022field field--name-field-videoteca-categoria field--type-entity-reference field--label-hidden field--item\u0022\u003EConcerts\u003C\/div\u003E\n      \n            \u003Cdiv class=\u0022field field--name-node-title field--type-ds field--label-hidden field--item\u0022\u003E\u003Ch2\u003E\n  \u003Ca href=\u0022\/en\/videoteca\/conciertos\/elizabeth-kenny-y-nardus-williams\u0022 hreflang=\u0022en\u0022\u003ENardus Williams \u0026amp; Elizabeth Kenny\u003C\/a\u003E\n\u003C\/h2\u003E\n\u003C\/div\u003E\n      \n            \u003Cdiv class=\u0022field field--name-field-videoteca-teatro field--type-entity-reference field--label-hidden field--item\u0022\u003ECiclo de Lied Victoria de los \u00c1ngeles\u003C\/div\u003E\n      \n            \u003Cdiv class=\u0022field field--name-field-videoteca-autor field--type-string field--label-hidden field--item\u0022\u003EVarios autores\u003C\/div\u003E\n      \n            \u003Cdiv class=\u0022field field--name-field-videoteca-interpretes field--type-string field--label-hidden field--item\u0022\u003EElizabeth Kenny y Nardus Williams\u003C\/div\u003E\n      \n            \u003Cdiv class=\u0022field field--name-node-favourite field--type-ds field--label-hidden field--item\u0022\u003E  \u003Ca href=\u0022\/en\/comprar?id=429274\u0022 id=\u0022subs429274\u0022\u003ESubscribe\u003C\/a\u003E\n\u003C\/div\u003E\n      \n            \u003Cdiv class=\u0022field field--name-node-link field--type-ds field--label-hidden field--item\u0022\u003E  \u003Ca href=\u0022\/en\/videoteca\/conciertos\/elizabeth-kenny-y-nardus-williams\u0022 hreflang=\u0022en\u0022\u003EMore info\u003C\/a\u003E\n\u003C\/div\u003E\n      \n  \u003C\/div\u003E\n\u003C\/div\u003E\n\n\n  \u003C\/div\u003E\n    \u003Cdiv class=\u0022col-xs-12 col-sm-6 col-lg-3 views-row\u0022\u003E\n    \u003Cdiv data-history-node-id=\u0022396851\u0022 class=\u0022row bs-1col node node--type-videoteca node--view-mode-bloque-front\u0022\u003E\n  \n  \u003Cdiv class=\u0022col-sm-12 bs-region bs-region--main\u0022\u003E\n                \n                              \u003Cdiv class=\u0022field field--name-field-videoteca-img field--type-image field--label-hidden field--item\u0022\u003E\n                                  \u003Ca href=\u0022\/en\/videoteca\/concerts\/sabina-puertolas-ruben-fernandez-aguirre\u0022 hreflang=\u0022en\u0022\u003E\u003Cimg src=\u0022\/sites\/default\/files\/2025-10\/sabina%20puertolas%203%201280.jpg\u0022 alt=\u0022Sabina Pu\u00e9rtolas, Rub\u00e9n Fern\u00e1ndez Aguirre\u0022 typeof=\u0022foaf:Image\u0022 class=\u0022img-responsive\u0022 \/\u003E\n\u003C\/a\u003E\n\n                            \u003C\/div\u003E\n                      \n            \u003Cdiv class=\u0022field field--name-field-videoteca-categoria field--type-entity-reference field--label-hidden field--item\u0022\u003EConcerts\u003C\/div\u003E\n      \n            \u003Cdiv class=\u0022field field--name-node-title field--type-ds field--label-hidden field--item\u0022\u003E\u003Ch2\u003E\n  \u003Ca href=\u0022\/en\/videoteca\/concerts\/sabina-puertolas-ruben-fernandez-aguirre\u0022 hreflang=\u0022en\u0022\u003ESabina Pu\u00e9rtolas \u0026amp; Rub\u00e9n Fern\u00e1ndez Aguirre\u003C\/a\u003E\n\u003C\/h2\u003E\n\u003C\/div\u003E\n      \n            \u003Cdiv class=\u0022field field--name-field-videoteca-teatro field--type-entity-reference field--label-hidden field--item\u0022\u003ECiclo de Lied Victoria de los \u00c1ngeles\u003C\/div\u003E\n      \n            \u003Cdiv class=\u0022field field--name-field-videoteca-autor field--type-string field--label-hidden field--item\u0022\u003EEmilio Arrieta, Alberto Garc\u00eda Demestres\u003C\/div\u003E\n      \n            \u003Cdiv class=\u0022field field--name-field-videoteca-interpretes field--type-string field--label-hidden field--item\u0022\u003ESabina Pu\u00e9rtolas, Rub\u00e9n Fern\u00e1ndez Aguirre\u003C\/div\u003E\n      \n            \u003Cdiv class=\u0022field field--name-node-favourite field--type-ds field--label-hidden field--item\u0022\u003E  \u003Ca href=\u0022\/en\/comprar?id=396851\u0022 id=\u0022subs396851\u0022\u003ESubscribe\u003C\/a\u003E\n\u003C\/div\u003E\n      \n            \u003Cdiv class=\u0022field field--name-node-link field--type-ds field--label-hidden field--item\u0022\u003E  \u003Ca href=\u0022\/en\/videoteca\/concerts\/sabina-puertolas-ruben-fernandez-aguirre\u0022 hreflang=\u0022en\u0022\u003EMore info\u003C\/a\u003E\n\u003C\/div\u003E\n      \n  \u003C\/div\u003E\n\u003C\/div\u003E\n\n\n  \u003C\/div\u003E\n    \u003Cdiv class=\u0022col-xs-12 col-sm-6 col-lg-3 views-row\u0022\u003E\n    \u003Cdiv data-history-node-id=\u0022376473\u0022 class=\u0022row bs-1col node node--type-videoteca node--view-mode-bloque-front\u0022\u003E\n  \n  \u003Cdiv class=\u0022col-sm-12 bs-region bs-region--main\u0022\u003E\n                \n                              \u003Cdiv class=\u0022field field--name-field-videoteca-img field--type-image field--label-hidden field--item\u0022\u003E\n                                  \u003Ca href=\u0022\/en\/videoteca\/conciertos\/elsa-dreisig-romain-louveau\u0022 hreflang=\u0022en\u0022\u003E\u003Cimg src=\u0022\/sites\/default\/files\/2025-04\/Elsa%20Dreisig%201280%20_min.jpg\u0022 alt=\u0022Elsa Dreisig \u0026amp; Romain Louveau\u0022 typeof=\u0022foaf:Image\u0022 class=\u0022img-responsive\u0022 \/\u003E\n\u003C\/a\u003E\n\n                            \u003C\/div\u003E\n                      \n            \u003Cdiv class=\u0022field field--name-field-videoteca-categoria field--type-entity-reference field--label-hidden field--item\u0022\u003EConcerts\u003C\/div\u003E\n      \n            \u003Cdiv class=\u0022field field--name-node-title field--type-ds field--label-hidden field--item\u0022\u003E\u003Ch2\u003E\n  \u003Ca href=\u0022\/en\/videoteca\/conciertos\/elsa-dreisig-romain-louveau\u0022 hreflang=\u0022en\u0022\u003EElsa Dreisig \u0026amp; Romain Louveau\u003C\/a\u003E\n\u003C\/h2\u003E\n\u003C\/div\u003E\n      \n            \u003Cdiv class=\u0022field field--name-field-videoteca-teatro field--type-entity-reference field--label-hidden field--item\u0022\u003ECiclo de Lied Victoria de los \u00c1ngeles\u003C\/div\u003E\n      \n            \u003Cdiv class=\u0022field field--name-field-videoteca-autor field--type-string field--label-hidden field--item\u0022\u003EVarious authors\u003C\/div\u003E\n      \n            \u003Cdiv class=\u0022field field--name-field-videoteca-interpretes field--type-string field--label-hidden field--item\u0022\u003EElsa Dreisig \u0026amp; Romain Louveau\u003C\/div\u003E\n      \n            \u003Cdiv class=\u0022field field--name-node-favourite field--type-ds field--label-hidden field--item\u0022\u003E  \u003Ca href=\u0022\/en\/comprar?id=376473\u0022 id=\u0022subs376473\u0022\u003ESubscribe\u003C\/a\u003E\n\u003C\/div\u003E\n      \n            \u003Cdiv class=\u0022field field--name-node-link field--type-ds field--label-hidden field--item\u0022\u003E  \u003Ca href=\u0022\/en\/videoteca\/conciertos\/elsa-dreisig-romain-louveau\u0022 hreflang=\u0022en\u0022\u003EMore info\u003C\/a\u003E\n\u003C\/div\u003E\n      \n  \u003C\/div\u003E\n\u003C\/div\u003E\n\n\n  \u003C\/div\u003E\n    \u003Cdiv class=\u0022col-xs-12 col-sm-6 col-lg-3 views-row\u0022\u003E\n    \u003Cdiv data-history-node-id=\u0022359953\u0022 class=\u0022row bs-1col node node--type-videoteca node--view-mode-bloque-front\u0022\u003E\n  \n  \u003Cdiv class=\u0022col-sm-12 bs-region bs-region--main\u0022\u003E\n                \n                              \u003Cdiv class=\u0022field field--name-field-videoteca-img field--type-image field--label-hidden field--item\u0022\u003E\n                                  \u003Ca href=\u0022\/en\/videoteca\/conciertos\/clausura-centenario-victoria-de-los-angeles\u0022 hreflang=\u0022en\u0022\u003E\u003Cimg src=\u0022\/sites\/default\/files\/2024-12\/LIED%20CLAUSURA%20VICTORIA%201280.jpg\u0022 alt=\u0022Clausura centenario Victoria de los \u00c1ngeles\u0022 typeof=\u0022foaf:Image\u0022 class=\u0022img-responsive\u0022 \/\u003E\n\u003C\/a\u003E\n\n                            \u003C\/div\u003E\n                      \n            \u003Cdiv class=\u0022field field--name-field-videoteca-categoria field--type-entity-reference field--label-hidden field--item\u0022\u003EConcerts\u003C\/div\u003E\n      \n            \u003Cdiv class=\u0022field field--name-node-title field--type-ds field--label-hidden field--item\u0022\u003E\u003Ch2\u003E\n  \u003Ca href=\u0022\/en\/videoteca\/conciertos\/clausura-centenario-victoria-de-los-angeles\u0022 hreflang=\u0022en\u0022\u003EVictoria de los \u00c1ngeles Centenary Closing Ceremony\u003C\/a\u003E\n\u003C\/h2\u003E\n\u003C\/div\u003E\n      \n            \u003Cdiv class=\u0022field field--name-field-videoteca-teatro field--type-entity-reference field--label-hidden field--item\u0022\u003ECiclo de Lied Victoria de los \u00c1ngeles\u003C\/div\u003E\n      \n            \u003Cdiv class=\u0022field field--name-field-videoteca-autor field--type-string field--label-hidden field--item\u0022\u003EWolfgang Amadeus Mozart, Joan Morera, Gabriel Faur\u00e9\u003C\/div\u003E\n      \n            \u003Cdiv class=\u0022field field--name-field-videoteca-interpretes field--type-string field--label-hidden field--item\u0022\u003EPedro Pardo, Maria Mauri\u003C\/div\u003E\n      \n            \u003Cdiv class=\u0022field field--name-node-favourite field--type-ds field--label-hidden field--item\u0022\u003E  \u003Ca href=\u0022\/en\/comprar?id=359953\u0022 id=\u0022subs359953\u0022\u003ESubscribe\u003C\/a\u003E\n\u003C\/div\u003E\n      \n            \u003Cdiv class=\u0022field field--name-node-link field--type-ds field--label-hidden field--item\u0022\u003E  \u003Ca href=\u0022\/en\/videoteca\/conciertos\/clausura-centenario-victoria-de-los-angeles\u0022 hreflang=\u0022en\u0022\u003EMore info\u003C\/a\u003E\n\u003C\/div\u003E\n      \n  \u003C\/div\u003E\n\u003C\/div\u003E\n\n\n  \u003C\/div\u003E\n    \u003Cdiv class=\u0022col-xs-12 col-sm-6 col-lg-3 views-row\u0022\u003E\n    \u003Cdiv data-history-node-id=\u0022327683\u0022 class=\u0022row bs-1col node node--type-videoteca node--view-mode-bloque-front\u0022\u003E\n  \n  \u003Cdiv class=\u0022col-sm-12 bs-region bs-region--main\u0022\u003E\n                \n                              \u003Cdiv class=\u0022field field--name-field-videoteca-img field--type-image field--label-hidden field--item\u0022\u003E\n                                  \u003Ca href=\u0022\/en\/videoteca\/conciertos\/miah-persson-joseph-middleton\u0022 hreflang=\u0022en\u0022\u003E\u003Cimg src=\u0022\/sites\/default\/files\/2024-07\/Miah%20Persson%20%20Joseph%20Middleton%202%201280x720.jpg\u0022 alt=\u0022Miah Persson \u0026amp; Joseph Middleton\u0022 typeof=\u0022foaf:Image\u0022 class=\u0022img-responsive\u0022 \/\u003E\n\u003C\/a\u003E\n\n                            \u003C\/div\u003E\n                      \n            \u003Cdiv class=\u0022field field--name-field-videoteca-categoria field--type-entity-reference field--label-hidden field--item\u0022\u003EConcerts\u003C\/div\u003E\n      \n            \u003Cdiv class=\u0022field field--name-node-title field--type-ds field--label-hidden field--item\u0022\u003E\u003Ch2\u003E\n  \u003Ca href=\u0022\/en\/videoteca\/conciertos\/miah-persson-joseph-middleton\u0022 hreflang=\u0022en\u0022\u003EMiah Persson \u0026amp; Joseph Middleton\u003C\/a\u003E\n\u003C\/h2\u003E\n\u003C\/div\u003E\n      \n            \u003Cdiv class=\u0022field field--name-field-videoteca-teatro field--type-entity-reference field--label-hidden field--item\u0022\u003ECiclo de Lied Victoria de los \u00c1ngeles\u003C\/div\u003E\n      \n            \u003Cdiv class=\u0022field field--name-field-videoteca-autor field--type-string field--label-hidden field--item\u0022\u003EVarios autores\u003C\/div\u003E\n      \n            \u003Cdiv class=\u0022field field--name-field-videoteca-interpretes field--type-string field--label-hidden field--item\u0022\u003EMiah Persson \u0026amp; Joseph Middleton\u003C\/div\u003E\n      \n            \u003Cdiv class=\u0022field field--name-node-favourite field--type-ds field--label-hidden field--item\u0022\u003E  \u003Ca href=\u0022\/en\/comprar?id=327683\u0022 id=\u0022subs327683\u0022\u003ESubscribe\u003C\/a\u003E\n\u003C\/div\u003E\n      \n            \u003Cdiv class=\u0022field field--name-node-link field--type-ds field--label-hidden field--item\u0022\u003E  \u003Ca href=\u0022\/en\/videoteca\/conciertos\/miah-persson-joseph-middleton\u0022 hreflang=\u0022en\u0022\u003EMore info\u003C\/a\u003E\n\u003C\/div\u003E\n      \n  \u003C\/div\u003E\n\u003C\/div\u003E\n\n\n  \u003C\/div\u003E\n    \u003Cdiv class=\u0022col-xs-12 col-sm-6 col-lg-3 views-row\u0022\u003E\n    \u003Cdiv data-history-node-id=\u0022321372\u0022 class=\u0022row bs-1col node node--type-videoteca node--view-mode-bloque-front\u0022\u003E\n  \n  \u003Cdiv class=\u0022col-sm-12 bs-region bs-region--main\u0022\u003E\n                \n                              \u003Cdiv class=\u0022field field--name-field-videoteca-img field--type-image field--label-hidden field--item\u0022\u003E\n                                  \u003Ca href=\u0022\/en\/videoteca\/conciertos\/victoria-y-teresa\u0022 hreflang=\u0022en\u0022\u003E\u003Cimg src=\u0022\/sites\/default\/files\/2024-03\/VITORIA%20Y%20TERESA%201280-min.jpg\u0022 alt=\u0022Victoria y Teresa\u0022 typeof=\u0022foaf:Image\u0022 class=\u0022img-responsive\u0022 \/\u003E\n\u003C\/a\u003E\n\n                            \u003C\/div\u003E\n                      \n            \u003Cdiv class=\u0022field field--name-field-videoteca-categoria field--type-entity-reference field--label-hidden field--item\u0022\u003EConcerts\u003C\/div\u003E\n      \n            \u003Cdiv class=\u0022field field--name-node-title field--type-ds field--label-hidden field--item\u0022\u003E\u003Ch2\u003E\n  \u003Ca href=\u0022\/en\/videoteca\/conciertos\/victoria-y-teresa\u0022 hreflang=\u0022en\u0022\u003EAdriana Gonz\u00e1lez, Marina Viotti \u0026amp; I\u00f1aki Encina | Victoria \u0026amp; Teresa\u003C\/a\u003E\n\u003C\/h2\u003E\n\u003C\/div\u003E\n      \n            \u003Cdiv class=\u0022field field--name-field-videoteca-teatro field--type-entity-reference field--label-hidden field--item\u0022\u003ECiclo de Lied Victoria de los \u00c1ngeles\u003C\/div\u003E\n      \n            \u003Cdiv class=\u0022field field--name-field-videoteca-autor field--type-string field--label-hidden field--item\u0022\u003EVarios autores\u003C\/div\u003E\n      \n            \u003Cdiv class=\u0022field field--name-field-videoteca-interpretes field--type-string field--label-hidden field--item\u0022\u003EAdriana Gonz\u00e1lez, Marina Viotti, I\u00f1aki Encina\u003C\/div\u003E\n      \n            \u003Cdiv class=\u0022field field--name-node-favourite field--type-ds field--label-hidden field--item\u0022\u003E  \u003Ca href=\u0022\/en\/comprar?id=321372\u0022 id=\u0022subs321372\u0022\u003ESubscribe\u003C\/a\u003E\n\u003C\/div\u003E\n      \n            \u003Cdiv class=\u0022field field--name-node-link field--type-ds field--label-hidden field--item\u0022\u003E  \u003Ca href=\u0022\/en\/videoteca\/conciertos\/victoria-y-teresa\u0022 hreflang=\u0022en\u0022\u003EMore info\u003C\/a\u003E\n\u003C\/div\u003E\n      \n  \u003C\/div\u003E\n\u003C\/div\u003E\n\n\n  \u003C\/div\u003E\n    \u003Cdiv class=\u0022col-xs-12 col-sm-6 col-lg-3 views-row\u0022\u003E\n    \u003Cdiv data-history-node-id=\u0022319061\u0022 class=\u0022row bs-1col node node--type-videoteca node--view-mode-bloque-front\u0022\u003E\n  \n  \u003Cdiv class=\u0022col-sm-12 bs-region bs-region--main\u0022\u003E\n                \n                              \u003Cdiv class=\u0022field field--name-field-videoteca-img field--type-image field--label-hidden field--item\u0022\u003E\n                                  \u003Ca href=\u0022\/en\/videoteca\/conciertos\/padmore-baillieu-victoria-y-winterreise\u0022 hreflang=\u0022en\u0022\u003E\u003Cimg src=\u0022\/sites\/default\/files\/2024-01\/PADMOREBAILLIEU%20129OK-min.jpg\u0022 alt=\u0022Mark Padmore, James Baillieu\u0022 typeof=\u0022foaf:Image\u0022 class=\u0022img-responsive\u0022 \/\u003E\n\u003C\/a\u003E\n\n                            \u003C\/div\u003E\n                      \n            \u003Cdiv class=\u0022field field--name-field-videoteca-categoria field--type-entity-reference field--label-hidden field--item\u0022\u003EConcerts\u003C\/div\u003E\n      \n            \u003Cdiv class=\u0022field field--name-node-title field--type-ds field--label-hidden field--item\u0022\u003E\u003Ch2\u003E\n  \u003Ca href=\u0022\/en\/videoteca\/conciertos\/padmore-baillieu-victoria-y-winterreise\u0022 hreflang=\u0022en\u0022\u003EMark Padmore \u0026amp; James Baillieu | Victoria \u0026amp; Winterreise\u003C\/a\u003E\n\u003C\/h2\u003E\n\u003C\/div\u003E\n      \n            \u003Cdiv class=\u0022field field--name-field-videoteca-teatro field--type-entity-reference field--label-hidden field--item\u0022\u003ECiclo de Lied Victoria de los \u00c1ngeles\u003C\/div\u003E\n      \n            \u003Cdiv class=\u0022field field--name-field-videoteca-autor field--type-string field--label-hidden field--item\u0022\u003EFranz Schubert\u003C\/div\u003E\n      \n            \u003Cdiv class=\u0022field field--name-field-videoteca-interpretes field--type-string field--label-hidden field--item\u0022\u003EMark Padmore, James Baillieu\u003C\/div\u003E\n      \n            \u003Cdiv class=\u0022field field--name-node-favourite field--type-ds field--label-hidden field--item\u0022\u003E  \u003Ca href=\u0022\/en\/comprar?id=319061\u0022 id=\u0022subs319061\u0022\u003ESubscribe\u003C\/a\u003E\n\u003C\/div\u003E\n      \n            \u003Cdiv class=\u0022field field--name-node-link field--type-ds field--label-hidden field--item\u0022\u003E  \u003Ca href=\u0022\/en\/videoteca\/conciertos\/padmore-baillieu-victoria-y-winterreise\u0022 hreflang=\u0022en\u0022\u003EMore info\u003C\/a\u003E\n\u003C\/div\u003E\n      \n  \u003C\/div\u003E\n\u003C\/div\u003E\n\n\n  \u003C\/div\u003E\n    \u003Cdiv class=\u0022col-xs-12 col-sm-6 col-lg-3 views-row\u0022\u003E\n    \u003Cdiv data-history-node-id=\u0022319060\u0022 class=\u0022row bs-1col node node--type-videoteca node--view-mode-bloque-front\u0022\u003E\n  \n  \u003Cdiv class=\u0022col-sm-12 bs-region bs-region--main\u0022\u003E\n                \n                              \u003Cdiv class=\u0022field field--name-field-videoteca-img field--type-image field--label-hidden field--item\u0022\u003E\n                                  \u003Ca href=\u0022\/en\/videoteca\/conciertos\/keenlyside-vignoles-victoria-y-winterreise\u0022 hreflang=\u0022en\u0022\u003E\u003Cimg src=\u0022\/sites\/default\/files\/2024-01\/Keenlyside-min.jpg\u0022 alt=\u0022aSDF\u0022 typeof=\u0022foaf:Image\u0022 class=\u0022img-responsive\u0022 \/\u003E\n\u003C\/a\u003E\n\n                            \u003C\/div\u003E\n                      \n            \u003Cdiv class=\u0022field field--name-field-videoteca-categoria field--type-entity-reference field--label-hidden field--item\u0022\u003EConcerts\u003C\/div\u003E\n      \n            \u003Cdiv class=\u0022field field--name-node-title field--type-ds field--label-hidden field--item\u0022\u003E\u003Ch2\u003E\n  \u003Ca href=\u0022\/en\/videoteca\/conciertos\/keenlyside-vignoles-victoria-y-winterreise\u0022 hreflang=\u0022en\u0022\u003ESimon Keenlyside \u0026amp; Roger Vignoles | Victoria \u0026amp; Winterreise\u003C\/a\u003E\n\u003C\/h2\u003E\n\u003C\/div\u003E\n      \n            \u003Cdiv class=\u0022field field--name-field-videoteca-teatro field--type-entity-reference field--label-hidden field--item\u0022\u003ECiclo de Lied Victoria de los \u00c1ngeles\u003C\/div\u003E\n      \n            \u003Cdiv class=\u0022field field--name-field-videoteca-autor field--type-string field--label-hidden field--item\u0022\u003EFranz Schubert\u003C\/div\u003E\n      \n            \u003Cdiv class=\u0022field field--name-field-videoteca-interpretes field--type-string field--label-hidden field--item\u0022\u003ESimon Keenlyside, Roger Vignoles\u003C\/div\u003E\n      \n            \u003Cdiv class=\u0022field field--name-node-favourite field--type-ds field--label-hidden field--item\u0022\u003E  \u003Ca href=\u0022\/en\/comprar?id=319060\u0022 id=\u0022subs319060\u0022\u003ESubscribe\u003C\/a\u003E\n\u003C\/div\u003E\n      \n            \u003Cdiv class=\u0022field field--name-node-link field--type-ds field--label-hidden field--item\u0022\u003E  \u003Ca href=\u0022\/en\/videoteca\/conciertos\/keenlyside-vignoles-victoria-y-winterreise\u0022 hreflang=\u0022en\u0022\u003EMore info\u003C\/a\u003E\n\u003C\/div\u003E\n      \n  \u003C\/div\u003E\n\u003C\/div\u003E\n\n\n  \u003C\/div\u003E\n    \u003Cdiv class=\u0022col-xs-12 col-sm-6 col-lg-3 views-row\u0022\u003E\n    \u003Cdiv data-history-node-id=\u0022276543\u0022 class=\u0022row bs-1col node node--type-videoteca node--view-mode-bloque-front\u0022\u003E\n  \n  \u003Cdiv class=\u0022col-sm-12 bs-region bs-region--main\u0022\u003E\n                \n                              \u003Cdiv class=\u0022field field--name-field-videoteca-img field--type-image field--label-hidden field--item\u0022\u003E\n                                  \u003Ca href=\u0022\/en\/videoteca\/conciertos\/schubert-rossini\u0022 hreflang=\u0022en\u0022\u003E\u003Cimg src=\u0022\/sites\/default\/files\/2024-01\/SCHUBERTROSSINI%20306OK_mop-min.jpg\u0022 alt=\u0022Mercedes\u0022 typeof=\u0022foaf:Image\u0022 class=\u0022img-responsive\u0022 \/\u003E\n\u003C\/a\u003E\n\n                            \u003C\/div\u003E\n                      \n            \u003Cdiv class=\u0022field field--name-field-videoteca-categoria field--type-entity-reference field--label-hidden field--item\u0022\u003EConcerts\u003C\/div\u003E\n      \n            \u003Cdiv class=\u0022field field--name-node-title field--type-ds field--label-hidden field--item\u0022\u003E\u003Ch2\u003E\n  \u003Ca href=\u0022\/en\/videoteca\/conciertos\/schubert-rossini\u0022 hreflang=\u0022en\u0022\u003ESchubert \u0026amp; Rossini\u003C\/a\u003E\n\u003C\/h2\u003E\n\u003C\/div\u003E\n      \n            \u003Cdiv class=\u0022field field--name-field-videoteca-teatro field--type-entity-reference field--label-hidden field--item\u0022\u003ECiclo de Lied Victoria de los \u00c1ngeles\u003C\/div\u003E\n      \n            \u003Cdiv class=\u0022field field--name-field-videoteca-autor field--type-string field--label-hidden field--item\u0022\u003EFranz Schubert, Gioachino Rossini\u003C\/div\u003E\n      \n            \u003Cdiv class=\u0022field field--name-field-videoteca-interpretes field--type-string field--label-hidden field--item\u0022\u003ELife Victoria\u003C\/div\u003E\n      \n            \u003Cdiv class=\u0022field field--name-node-favourite field--type-ds field--label-hidden field--item\u0022\u003E  \u003Ca href=\u0022\/en\/comprar?id=276543\u0022 id=\u0022subs276543\u0022\u003ESubscribe\u003C\/a\u003E\n\u003C\/div\u003E\n      \n            \u003Cdiv class=\u0022field field--name-node-link field--type-ds field--label-hidden field--item\u0022\u003E  \u003Ca href=\u0022\/en\/videoteca\/conciertos\/schubert-rossini\u0022 hreflang=\u0022en\u0022\u003EMore info\u003C\/a\u003E\n\u003C\/div\u003E\n      \n  \u003C\/div\u003E\n\u003C\/div\u003E\n\n\n  \u003C\/div\u003E\n    \u003Cdiv class=\u0022col-xs-12 col-sm-6 col-lg-3 views-row\u0022\u003E\n    \u003Cdiv data-history-node-id=\u0022276254\u0022 class=\u0022row bs-1col node node--type-videoteca node--view-mode-bloque-front\u0022\u003E\n  \n  \u003Cdiv class=\u0022col-sm-12 bs-region bs-region--main\u0022\u003E\n                \n                              \u003Cdiv class=\u0022field field--name-field-videoteca-img field--type-image field--label-hidden field--item\u0022\u003E\n                                  \u003Ca href=\u0022\/en\/videoteca\/conciertos\/schubert-mozart\u0022 hreflang=\u0022en\u0022\u003E\u003Cimg src=\u0022\/sites\/default\/files\/2024-01\/Life%20Victoria%20-%20Schubert%202%201280%20-min.jpg\u0022 alt=\u0022Schubert \u0026amp; Mozart\u0022 typeof=\u0022foaf:Image\u0022 class=\u0022img-responsive\u0022 \/\u003E\n\u003C\/a\u003E\n\n                            \u003C\/div\u003E\n                      \n            \u003Cdiv class=\u0022field field--name-field-videoteca-categoria field--type-entity-reference field--label-hidden field--item\u0022\u003EConcerts\u003C\/div\u003E\n      \n            \u003Cdiv class=\u0022field field--name-node-title field--type-ds field--label-hidden field--item\u0022\u003E\u003Ch2\u003E\n  \u003Ca href=\u0022\/en\/videoteca\/conciertos\/schubert-mozart\u0022 hreflang=\u0022en\u0022\u003ESchubert \u0026amp; Mozart\u003C\/a\u003E\n\u003C\/h2\u003E\n\u003C\/div\u003E\n      \n            \u003Cdiv class=\u0022field field--name-field-videoteca-teatro field--type-entity-reference field--label-hidden field--item\u0022\u003ECiclo de Lied Victoria de los \u00c1ngeles\u003C\/div\u003E\n      \n            \u003Cdiv class=\u0022field field--name-field-videoteca-autor field--type-string field--label-hidden field--item\u0022\u003EFranz Schubert, W.A. Mozart\u003C\/div\u003E\n      \n            \u003Cdiv class=\u0022field field--name-field-videoteca-interpretes field--type-string field--label-hidden field--item\u0022\u003Exxxxxxx\u003C\/div\u003E\n      \n            \u003Cdiv class=\u0022field field--name-node-favourite field--type-ds field--label-hidden field--item\u0022\u003E  \u003Ca href=\u0022\/en\/comprar?id=276254\u0022 id=\u0022subs276254\u0022\u003ESubscribe\u003C\/a\u003E\n\u003C\/div\u003E\n      \n            \u003Cdiv class=\u0022field field--name-node-link field--type-ds field--label-hidden field--item\u0022\u003E  \u003Ca href=\u0022\/en\/videoteca\/conciertos\/schubert-mozart\u0022 hreflang=\u0022en\u0022\u003EMore info\u003C\/a\u003E\n\u003C\/div\u003E\n      \n  \u003C\/div\u003E\n\u003C\/div\u003E\n\n\n  \u003C\/div\u003E\n    \u003Cdiv class=\u0022col-xs-12 col-sm-6 col-lg-3 views-row\u0022\u003E\n    \u003Cdiv data-history-node-id=\u0022271959\u0022 class=\u0022row bs-1col node node--type-videoteca node--view-mode-bloque-front\u0022\u003E\n  \n  \u003Cdiv class=\u0022col-sm-12 bs-region bs-region--main\u0022\u003E\n                \n                              \u003Cdiv class=\u0022field field--name-field-videoteca-img field--type-image field--label-hidden field--item\u0022\u003E\n                                  \u003Ca href=\u0022\/en\/videoteca\/conciertos\/Schubert-Viena\u0022 hreflang=\u0022en\u0022\u003E\u003Cimg src=\u0022\/sites\/default\/files\/2024-01\/SCHUBERT%20VIENA%20800.jpg\u0022 alt=\u0022Schubert \u0026amp; Viena\u0022 typeof=\u0022foaf:Image\u0022 class=\u0022img-responsive\u0022 \/\u003E\n\u003C\/a\u003E\n\n                            \u003C\/div\u003E\n                      \n            \u003Cdiv class=\u0022field field--name-field-videoteca-categoria field--type-entity-reference field--label-hidden field--item\u0022\u003EConcerts\u003C\/div\u003E\n      \n            \u003Cdiv class=\u0022field field--name-node-title field--type-ds field--label-hidden field--item\u0022\u003E\u003Ch2\u003E\n  \u003Ca href=\u0022\/en\/videoteca\/conciertos\/Schubert-Viena\u0022 hreflang=\u0022en\u0022\u003ESchubert \u0026amp; Vienna\u003C\/a\u003E\n\u003C\/h2\u003E\n\u003C\/div\u003E\n      \n            \u003Cdiv class=\u0022field field--name-field-videoteca-teatro field--type-entity-reference field--label-hidden field--item\u0022\u003ECiclo de Lied Victoria de los \u00c1ngeles\u003C\/div\u003E\n      \n            \u003Cdiv class=\u0022field field--name-field-videoteca-autor field--type-string field--label-hidden field--item\u0022\u003EFranz Schubert \u003C\/div\u003E\n      \n            \u003Cdiv class=\u0022field field--name-field-videoteca-interpretes field--type-string field--label-hidden field--item\u0022\u003EMercedes Gancedo, Marta Fontanals-Simmons, RuZhe Li, James Atkinson, Sholto Kynoch, Mar Compte\u003C\/div\u003E\n      \n            \u003Cdiv class=\u0022field field--name-node-favourite field--type-ds field--label-hidden field--item\u0022\u003E  \u003Ca href=\u0022\/en\/comprar?id=271959\u0022 id=\u0022subs271959\u0022\u003ESubscribe\u003C\/a\u003E\n\u003C\/div\u003E\n      \n            \u003Cdiv class=\u0022field field--name-node-link field--type-ds field--label-hidden field--item\u0022\u003E  \u003Ca href=\u0022\/en\/videoteca\/conciertos\/Schubert-Viena\u0022 hreflang=\u0022en\u0022\u003EMore info\u003C\/a\u003E\n\u003C\/div\u003E\n      \n  \u003C\/div\u003E\n\u003C\/div\u003E\n\n\n  \u003C\/div\u003E\n    \u003Cdiv class=\u0022col-xs-12 col-sm-6 col-lg-3 views-row\u0022\u003E\n    \u003Cdiv data-history-node-id=\u0022177542\u0022 class=\u0022row bs-1col node node--type-videoteca node--view-mode-bloque-front\u0022\u003E\n  \n  \u003Cdiv class=\u0022col-sm-12 bs-region bs-region--main\u0022\u003E\n                \n                              \u003Cdiv class=\u0022field field--name-field-videoteca-img field--type-image field--label-hidden field--item\u0022\u003E\n                                  \u003Ca href=\u0022\/en\/videoteca\/concerts\/anna-bonitatibus-simon-lepper\u0022 hreflang=\u0022en\u0022\u003E\u003Cimg src=\u0022\/sites\/default\/files\/2024-01\/bonitatibus%201280x720-min.jpg\u0022 alt=\u0022Anna Bonitatibus\u0022 typeof=\u0022foaf:Image\u0022 class=\u0022img-responsive\u0022 \/\u003E\n\u003C\/a\u003E\n\n                            \u003C\/div\u003E\n                      \n            \u003Cdiv class=\u0022field field--name-field-videoteca-categoria field--type-entity-reference field--label-hidden field--item\u0022\u003EConcerts\u003C\/div\u003E\n      \n            \u003Cdiv class=\u0022field field--name-node-title field--type-ds field--label-hidden field--item\u0022\u003E\u003Ch2\u003E\n  \u003Ca href=\u0022\/en\/videoteca\/concerts\/anna-bonitatibus-simon-lepper\u0022 hreflang=\u0022en\u0022\u003EAnna Bonitatibus \u0026amp; Simon Lepper\u003C\/a\u003E\n\u003C\/h2\u003E\n\u003C\/div\u003E\n      \n            \u003Cdiv class=\u0022field field--name-field-videoteca-teatro field--type-entity-reference field--label-hidden field--item\u0022\u003ECiclo de Lied Victoria de los \u00c1ngeles\u003C\/div\u003E\n      \n            \u003Cdiv class=\u0022field field--name-field-videoteca-autor field--type-string field--label-hidden field--item\u0022\u003EVarious authors\u003C\/div\u003E\n      \n            \u003Cdiv class=\u0022field field--name-field-videoteca-interpretes field--type-string field--label-hidden field--item\u0022\u003EAnna Bonitatibus, Simon Lepper\t \t \t \t\u003C\/div\u003E\n      \n            \u003Cdiv class=\u0022field field--name-node-favourite field--type-ds field--label-hidden field--item\u0022\u003E  \u003Ca href=\u0022\/en\/comprar?id=177542\u0022 id=\u0022subs177542\u0022\u003ESubscribe\u003C\/a\u003E\n\u003C\/div\u003E\n      \n            \u003Cdiv class=\u0022field field--name-node-link field--type-ds field--label-hidden field--item\u0022\u003E  \u003Ca href=\u0022\/en\/videoteca\/concerts\/anna-bonitatibus-simon-lepper\u0022 hreflang=\u0022en\u0022\u003EMore info\u003C\/a\u003E\n\u003C\/div\u003E\n      \n  \u003C\/div\u003E\n\u003C\/div\u003E\n\n\n  \u003C\/div\u003E\n\u003C\/div\u003E\n\n  \n      \n\u003Cul class=\u0022js-pager__items pager\u0022 data-drupal-views-infinite-scroll-pager\u003E\n  \u003Cli class=\u0022pager__item\u0022\u003E\n    \u003Ca class=\u0022button\u0022 href=\u0022?page=1\u0022 title=\u0022Load more items\u0022 rel=\u0022next\u0022\u003EVER M\u00c1S\u003C\/a\u003E\n  \u003C\/li\u003E\n\u003C\/ul\u003E\n\n          \u003C\/div\u003E\n\u003C\/div\u003E\n\u003C\/div\u003E","settings":null}]